{"id":17776,"date":"2016-09-01T11:15:52","date_gmt":"2016-09-01T09:15:52","guid":{"rendered":"http:\/\/www.drustvo-distrofikov.si\/?p=17776"},"modified":"2016-09-01T11:15:52","modified_gmt":"2016-09-01T09:15:52","slug":"60-oskrbovanih-stanovanj-v-izoli","status":"publish","type":"post","link":"http:\/\/www.drustvo-distrofikov.si\/?p=17776","title":{"rendered":"60 oskrbovanih stanovanj v Izoli"},"content":{"rendered":"<p><strong>V Izoli bodo\u00a0gradili 60 oskrbovanih stanovanj in center dnevnih dejavnosti za starej\u0161e ob\u010dane, ki naj bi bili zgrajeni v drugi polovici prihodnjega leta.<\/strong><\/p>\n<p>Kompleks bo stal ob osnovni \u0161oli Livada, gradbi\u0161\u010de pa so \u017ee na za\u010detku aprila predali investitorju, Nepremi\u010dninskemu skladu pokojninskega in invalidskega zavarovanja, ki sodeluje z izvajalcem del avstrijskim podjetjem Strabag. Vrednost pogodbenih del zna\u0161a nekaj manj kot 4,4 milijona evrov.<\/p>\n<p>Sklad ima v skladu z leta 2014 sklenjeno pogodbo neodpla\u010dno stavbno pravico v zameno za prednost Izolanov pri najemu oskrbovanih stanovanj. Po besedah direktorja omenjenega sklada Florijana Bulovca so se zaradi podelitve neodpla\u010dne stavbne pravice zni\u017eali investicijski stro\u0161ki, posledi\u010dno pa bo ni\u017eja tudi najemnina.<\/p>\n<p>Poleg stanovanj bo sklad zgradil tudi center dnevnih dejavnosti za starej\u0161e, ki ga bo nato ob\u010dini oddal v 40-letni najem.<\/p>\n<p>Kot je \u0161e opomnil Bulovec, je ve\u010dina stanovanj, s katerimi razpolaga sklad, neprilagojenih bivanju starej\u0161ih oz. gibalno oviranih, kar je bil tudi razlog, da so se v skladu pred leti odlo\u010dili za gradnjo oskrbovanih in arhitekturno starej\u0161im prilagojenih stanovanj.<\/p>\n<p>Izolski \u017eupan Igor Kolenc pa je poudaril, da se v Izoli zavedajo pomena tretjega \u017eivljenjskega obdobja, zato &#8220;si prizadevamo za to, da bomo na\u0161im ob\u010danom v tretjem \u017eivljenjskem obdobju omogo\u010dili tak\u0161ne pogoje \u017eivljenja, kot jim pripadajo&#8221;.<\/p>\n<p>Dodal je, da izbira lokacije ni bila naklju\u010dna, saj bodo oskrbovana stanovanja stala na obmo\u010dju, ki je hkrati v mestu in zunaj mesta, sredi zelenja ter tik ob osnovni \u0161oli in prihodnjem \u0161tudentskem kampusu.<\/p>\n<p><em>Povzeto po \u010dlanku <a href=\"http:\/\/www.rtvslo.si\/lokalne-novice\/v-izoli-prihodnje-leto-60-novih-oskrbovanih-stanovanj\/392262\">RTVSLO<\/a>.<\/em><\/p>\n","protected":false},"excerpt":{"rendered":"<p>V Izoli bodo\u00a0gradili 60 oskrbovanih stanovanj in center dnevnih dejavnosti za starej\u0161e ob\u010dane, ki naj bi bili zgrajeni v drugi polovici prihodnjega leta. Kompleks bo stal ob osnovni \u0161oli Livada, gradbi\u0161\u010de pa so \u017ee na za\u010detku aprila predali investitorju, Nepremi\u010dninskemu skladu pokojninskega in invalidskega zavarovanja,&#8230;<\/p>\n","protected":false},"author":1,"featured_media":17775,"comment_status":"closed","ping_status":"open","sticky":false,"template":"","format":"standard","meta":{"_exactmetrics_skip_tracking":false,"_exactmetrics_sitenote_active":false,"_exactmetrics_sitenote_note":"","_exactmetrics_sitenote_category":0,"footnotes":""},"categories":[187],"tags":[],"class_list":["post-17776","post","type-post","status-publish","format-standard","has-post-thumbnail","hentry","category-novice"],"publishpress_future_action":{"enabled":false,"date":"2026-05-08 03:13:39","action":"change-status","newStatus":"draft","terms":[],"taxonomy":"category","extraData":[]},"publishpress_future_workflow_manual_trigger":{"enabledWorkflows":[]},"_links":{"self":[{"href":"http:\/\/www.drustvo-distrofikov.si\/index.php?rest_route=\/wp\/v2\/posts\/17776","targetHints":{"allow":["GET"]}}],"collection":[{"href":"http:\/\/www.drustvo-distrofikov.si\/index.php?rest_route=\/wp\/v2\/posts"}],"about":[{"href":"http:\/\/www.drustvo-distrofikov.si\/index.php?rest_route=\/wp\/v2\/types\/post"}],"author":[{"embeddable":true,"href":"http:\/\/www.drustvo-distrofikov.si\/index.php?rest_route=\/wp\/v2\/users\/1"}],"replies":[{"embeddable":true,"href":"http:\/\/www.drustvo-distrofikov.si\/index.php?rest_route=%2Fwp%2Fv2%2Fcomments&post=17776"}],"version-history":[{"count":0,"href":"http:\/\/www.drustvo-distrofikov.si\/index.php?rest_route=\/wp\/v2\/posts\/17776\/revisions"}],"wp:featuredmedia":[{"embeddable":true,"href":"http:\/\/www.drustvo-distrofikov.si\/index.php?rest_route=\/wp\/v2\/media\/17775"}],"wp:attachment":[{"href":"http:\/\/www.drustvo-distrofikov.si\/index.php?rest_route=%2Fwp%2Fv2%2Fmedia&parent=17776"}],"wp:term":[{"taxonomy":"category","embeddable":true,"href":"http:\/\/www.drustvo-distrofikov.si\/index.php?rest_route=%2Fwp%2Fv2%2Fcategories&post=17776"},{"taxonomy":"post_tag","embeddable":true,"href":"http:\/\/www.drustvo-distrofikov.si\/index.php?rest_route=%2Fwp%2Fv2%2Ftags&post=17776"}],"curies":[{"name":"wp","href":"https:\/\/api.w.org\/{rel}","templated":true}]}}