{"id":18514,"date":"2019-10-10T09:09:52","date_gmt":"2019-10-10T08:09:52","guid":{"rendered":"http:\/\/www.drustvo-distrofikov.si\/?p=18514"},"modified":"2019-10-10T09:09:52","modified_gmt":"2019-10-10T08:09:52","slug":"sporocilo-za-javnost-po-usklajevalnem-posvetovanju-invalidskih-organizacij-2-2-2-2-2-2-2-2-2-2-2-2-2-2-2-2-2-2-2-2-3-2-2-2-2-2-3-3-2-2-2-2-2-2-2-2-2-2-2-2-2-2-2-2","status":"publish","type":"post","link":"http:\/\/www.drustvo-distrofikov.si\/?p=18514","title":{"rendered":"Z glasbo v pravlji\u010dni svet in nazaj"},"content":{"rendered":"<p>Med 10. in 11. oktobrom se bo v Kulturnem centru Schellenburg v Ljubljeni odvijal seminar na temo ustvarjalnost skozi glasbo. Ena izmed tematik \u0161irjenje meja ustvarjalnosti bo posve\u010dena terapevtskim vidikom glasbe, pristopom in delu z najmlaj\u0161imi otroki in invalidi. Njegovo vsebinsko jedro bosta oblikovala skladatelja Matej Bonin in Tadeja Vulc, ki s svojo poetiko neposredno nagovarjata otroke razli\u010dnih starosti in zanimanj ter jih popeljeta v prostrani svet glasbene domi\u0161ljije.<\/p>\n<p><strong>V petek, 11. 10. 2019 med 11. in 12.45<\/strong>. uro bo skladatelj, dirigent in \u010dembalist Branimir Rezi\u0107 izvedel seminar z naslovom <strong>\u00bbJaz in moji u\u010denci pri \u00bbpreskakovanju ovir\u00ab: pristopi in delo z gibalno oviranimi osebami\u00ab.<\/strong><\/p>\n<p>Vabljeni vsi, ki bi radi raz\u0161irili svoje znanje na podro\u010dju invalidnosti skozi glasbo.<\/p>\n<p>Ve\u010d o dogodku si lahko preberete na spodnji povezavi: <a href=\"https:\/\/www.glasbenamatica.si\/koncerti\/z-glasbo-v-pravljicni-svet-in-nazaj\/\" target=\"_blank\" rel=\"noopener noreferrer\">https:\/\/www.glasbenamatica.si\/koncerti\/z-glasbo-v-pravljicni-svet-in-nazaj\/<\/a> .<\/p>\n<p>Vljudno vabljeni.<\/p>\n","protected":false},"excerpt":{"rendered":"<p>Med 10. in 11. oktobrom se bo v Kulturnem centru Schellenburg v Ljubljeni odvijal seminar na temo ustvarjalnost skozi glasbo. Ena izmed tematik \u0161irjenje meja ustvarjalnosti bo posve\u010dena terapevtskim vidikom glasbe, pristopom in delu z najmlaj\u0161imi otroki in invalidi. Njegovo vsebinsko jedro bosta oblikovala skladatelja&#8230;<\/p>\n","protected":false},"author":1,"featured_media":18516,"comment_status":"closed","ping_status":"open","sticky":false,"template":"","format":"standard","meta":{"_exactmetrics_skip_tracking":false,"_exactmetrics_sitenote_active":false,"_exactmetrics_sitenote_note":"","_exactmetrics_sitenote_category":0,"footnotes":""},"categories":[187],"tags":[],"class_list":["post-18514","post","type-post","status-publish","format-standard","has-post-thumbnail","hentry","category-novice"],"publishpress_future_action":{"enabled":false,"date":"2026-05-07 08:40:42","action":"change-status","newStatus":"draft","terms":[],"taxonomy":"category","extraData":[]},"publishpress_future_workflow_manual_trigger":{"enabledWorkflows":[]},"_links":{"self":[{"href":"http:\/\/www.drustvo-distrofikov.si\/index.php?rest_route=\/wp\/v2\/posts\/18514","targetHints":{"allow":["GET"]}}],"collection":[{"href":"http:\/\/www.drustvo-distrofikov.si\/index.php?rest_route=\/wp\/v2\/posts"}],"about":[{"href":"http:\/\/www.drustvo-distrofikov.si\/index.php?rest_route=\/wp\/v2\/types\/post"}],"author":[{"embeddable":true,"href":"http:\/\/www.drustvo-distrofikov.si\/index.php?rest_route=\/wp\/v2\/users\/1"}],"replies":[{"embeddable":true,"href":"http:\/\/www.drustvo-distrofikov.si\/index.php?rest_route=%2Fwp%2Fv2%2Fcomments&post=18514"}],"version-history":[{"count":1,"href":"http:\/\/www.drustvo-distrofikov.si\/index.php?rest_route=\/wp\/v2\/posts\/18514\/revisions"}],"predecessor-version":[{"id":18515,"href":"http:\/\/www.drustvo-distrofikov.si\/index.php?rest_route=\/wp\/v2\/posts\/18514\/revisions\/18515"}],"wp:featuredmedia":[{"embeddable":true,"href":"http:\/\/www.drustvo-distrofikov.si\/index.php?rest_route=\/wp\/v2\/media\/18516"}],"wp:attachment":[{"href":"http:\/\/www.drustvo-distrofikov.si\/index.php?rest_route=%2Fwp%2Fv2%2Fmedia&parent=18514"}],"wp:term":[{"taxonomy":"category","embeddable":true,"href":"http:\/\/www.drustvo-distrofikov.si\/index.php?rest_route=%2Fwp%2Fv2%2Fcategories&post=18514"},{"taxonomy":"post_tag","embeddable":true,"href":"http:\/\/www.drustvo-distrofikov.si\/index.php?rest_route=%2Fwp%2Fv2%2Ftags&post=18514"}],"curies":[{"name":"wp","href":"https:\/\/api.w.org\/{rel}","templated":true}]}}