{"id":20298,"date":"2023-05-22T11:24:30","date_gmt":"2023-05-22T09:24:30","guid":{"rendered":"http:\/\/www.drustvo-distrofikov.si\/?p=20298"},"modified":"2023-05-22T11:24:30","modified_gmt":"2023-05-22T09:24:30","slug":"sporocilo-za-javnost-po-usklajevalnem-posvetovanju-invalidskih-organizacij-2-2-2-2-2-2-2-2-2-2-2-2-2-2-2-2-2-2-2-2-3-2-2-2-2-2-3-3-2-2-2-2-2-2-2-2-2-2-2-2-2-2-2-2-2-2-2-2-2-2-2-2-2-2-2-2-3-3-2-2-2-7-4","status":"publish","type":"post","link":"http:\/\/www.drustvo-distrofikov.si\/?p=20298","title":{"rendered":"Kal nad Hrastnikom &#8211; GOGO pohod"},"content":{"rendered":"<p style=\"text-align: center;\"><strong>VABIMO VAS NA POHOD &#8211; <\/strong><strong>DAN SLOVENSKIH PLANINCEV 2023<\/strong><strong>:\u00a0\u00a0 <\/strong><\/p>\n<p style=\"text-align: center;\"><strong>KAL nad Hrastnikom<\/strong><\/p>\n<p style=\"text-align: center;\"><strong>SOBOTA, 10. JUNIJ 2023<\/strong><\/p>\n<p style=\"text-align: center;\"><strong>PREBERI TUDI: <\/strong><a href=\"https:\/\/www.pzs.si\/novice.php?pid=16333\">PZS: Dan slovenskih planincev 2023 bo letos pri Planinskem domu na Kalu<\/a><\/p>\n<p style=\"text-align: center;\"><strong>\u00a0<\/strong><strong><em><u>Izhodi\u0161\u010de pohoda je ob kamnolomu pod vasjo Lu\u017ea (tu nas \u010daka planinec, ki bo usmerjal parkiranje)<\/u><\/em><\/strong>.<\/p>\n<p>Tu izstopimo in kombije preusmerimo vi\u0161je\u00a0 proti Kalu na parkiri\u0161\u010de pri smu\u010di\u0161\u010du.<\/p>\n<p><strong><u>ZBOR OB 10.15 URI,<\/u><\/strong> <strong><em><u>\u0160TART POHODA JE OB 10.30 URI!<\/u><\/em><\/strong><\/p>\n<p><strong><u>Dostop do izhodi\u0161\u010da pohoda: <\/u><\/strong><\/p>\n<p>Iz\u00a0 Ljubljanske smeri po avtocesti do Trojan, naprej Izlake, Zagorje, po zasavski cesti do Hrastnika. V zgornjem delu Hrastnika pri Delavski hranilnici nas planinske markacije usmerijo proti smu\u010di\u0161\u010du in planinski ko\u010di Kal. Po asfaltirani cesti se pripeljemo do kamnoloma.<\/p>\n<p>Iz Mariborske smeri po avtocesti do Celja potem v La\u0161ko ter naprej do Rimskih Toplic, kjer se cesta v desno odcepi za Hrastnik. V zaselku Dol pri Hrastniku lahko pri cerkvi zavijemo desno in po planinskih oznakah po asfaltni cesti pridemo do kamnoloma ali pa nadaljujemo v Hrastnik in se ravnamo kot je \u017ee navedeno.<\/p>\n<p><strong><u>Opis poti pohoda: <\/u><\/strong><\/p>\n<p>Na Kal se bomo odpravili iz Lu\u017ee pod Kalom. Pot je v celoti\u00a0 asfaltirana z dvema dalj\u0161ima vzponoma in je do cilja planinski dom na Kalu\u00a0 dolga cca 2,8 kilometra. Pribli\u017een \u010das pohoda cca 1 uro. Na poti se bomo dvignili za 220 m nadmorske vi\u0161ine.<\/p>\n<p>Kal je 985 m visok vrh v zasavskem hribovju, ki se nahaja severovzhodno od Hrastnika. Sam vrh se nahaja v gozdu, zato ne omogo\u010da razgledov.<\/p>\n<p><strong><u>Prevoz:<\/u><\/strong><\/p>\n<p>Prosimo, da na prijavnici jasno ozna\u010dite vrsto prevoza: lasten, organiziran s kombiji ali kori\u0161\u010denje avtobusnega prevoza. Avtobusni prevoz \u2013 je samo za \u00bb\u00abhode\u010de\u00ab: odhod iz Dom\u017eal je ob 7.10 uri, iz Kolosej ob 7.30 uri.<\/p>\n<p><strong>Prijave se zbirajo do petka, 2. junija ali do popolnitve prostora preko spletne <\/strong><a href=\"https:\/\/forms.gle\/h6qYBGSiDZUSmz5j8\"><strong>e-prijave<\/strong><\/a> <strong>(pritisni nanjo!) ali s <a href=\"http:\/\/www.drustvo-distrofikov.si\/wp-content\/uploads\/2023\/05\/prijavnicaKAL.doc\">prijavnico<\/a>.<\/strong><\/p>\n<p>Prosim vas, da javite svoj namen \u010dim prej, da lahko organiziramo spremljevalce, prevoz &#8230;<\/p>\n<p>\u0160tevilo prostih mest je omejeno, zato morate po\u010dakati na potrditev organizatorja, da bo va\u0161a prijava za pohod sprejeta. S prejetjem potrditve boste zagotovo vedeli, da je va\u0161a prijava uspe\u0161no oddana in da se boste lahko udele\u017eili pohoda. Pohodnikom, ki rabijo prevoz s kombijem sporo\u010dijo \u010das odhoda dva 2 dni prej.<\/p>\n<p>Odjavo obvezno sporo\u010dite vsaj tri 3 dni pred pohodom.<\/p>\n<p>Pohod bo izveden samo v lepem vremenu \u2013 morebitno odjavo organizator javi najkasneje en 1 dan prej.<\/p>\n<p>V kolikor imate \u0161e kak\u0161no vpra\u0161anje, lahko pi\u0161ite na e-naslov: <a href=\"mailto:gogo@pzs.si\"><strong>gogo@pzs.si<\/strong> <\/a>ali na gsm:031\u00a0536 573 \u2013 Stojan.<\/p>\n<p>Planinski pozdrav!!!<\/p>\n","protected":false},"excerpt":{"rendered":"<p>VABIMO VAS NA POHOD &#8211; DAN SLOVENSKIH PLANINCEV 2023:\u00a0\u00a0 KAL nad Hrastnikom SOBOTA, 10. JUNIJ 2023 PREBERI TUDI: PZS: Dan slovenskih planincev 2023 bo letos pri Planinskem domu na Kalu \u00a0Izhodi\u0161\u010de pohoda je ob kamnolomu pod vasjo Lu\u017ea (tu nas \u010daka planinec, ki bo usmerjal&#8230;<\/p>\n","protected":false},"author":3,"featured_media":19757,"comment_status":"closed","ping_status":"open","sticky":false,"template":"","format":"standard","meta":{"_exactmetrics_skip_tracking":false,"_exactmetrics_sitenote_active":false,"_exactmetrics_sitenote_note":"","_exactmetrics_sitenote_category":0,"footnotes":""},"categories":[187],"tags":[],"class_list":["post-20298","post","type-post","status-publish","format-standard","has-post-thumbnail","hentry","category-novice"],"publishpress_future_action":{"enabled":false,"date":"2026-05-08 00:20:54","action":"change-status","newStatus":"draft","terms":[],"taxonomy":"category","extraData":[]},"publishpress_future_workflow_manual_trigger":{"enabledWorkflows":[]},"_links":{"self":[{"href":"http:\/\/www.drustvo-distrofikov.si\/index.php?rest_route=\/wp\/v2\/posts\/20298","targetHints":{"allow":["GET"]}}],"collection":[{"href":"http:\/\/www.drustvo-distrofikov.si\/index.php?rest_route=\/wp\/v2\/posts"}],"about":[{"href":"http:\/\/www.drustvo-distrofikov.si\/index.php?rest_route=\/wp\/v2\/types\/post"}],"author":[{"embeddable":true,"href":"http:\/\/www.drustvo-distrofikov.si\/index.php?rest_route=\/wp\/v2\/users\/3"}],"replies":[{"embeddable":true,"href":"http:\/\/www.drustvo-distrofikov.si\/index.php?rest_route=%2Fwp%2Fv2%2Fcomments&post=20298"}],"version-history":[{"count":1,"href":"http:\/\/www.drustvo-distrofikov.si\/index.php?rest_route=\/wp\/v2\/posts\/20298\/revisions"}],"predecessor-version":[{"id":20299,"href":"http:\/\/www.drustvo-distrofikov.si\/index.php?rest_route=\/wp\/v2\/posts\/20298\/revisions\/20299"}],"wp:featuredmedia":[{"embeddable":true,"href":"http:\/\/www.drustvo-distrofikov.si\/index.php?rest_route=\/wp\/v2\/media\/19757"}],"wp:attachment":[{"href":"http:\/\/www.drustvo-distrofikov.si\/index.php?rest_route=%2Fwp%2Fv2%2Fmedia&parent=20298"}],"wp:term":[{"taxonomy":"category","embeddable":true,"href":"http:\/\/www.drustvo-distrofikov.si\/index.php?rest_route=%2Fwp%2Fv2%2Fcategories&post=20298"},{"taxonomy":"post_tag","embeddable":true,"href":"http:\/\/www.drustvo-distrofikov.si\/index.php?rest_route=%2Fwp%2Fv2%2Ftags&post=20298"}],"curies":[{"name":"wp","href":"https:\/\/api.w.org\/{rel}","templated":true}]}}