{"id":20372,"date":"2023-06-23T15:01:08","date_gmt":"2023-06-23T13:01:08","guid":{"rendered":"http:\/\/www.drustvo-distrofikov.si\/?p=20372"},"modified":"2023-06-23T15:01:08","modified_gmt":"2023-06-23T13:01:08","slug":"sporocilo-za-javnost-po-usklajevalnem-posvetovanju-invalidskih-organizacij-2-2-2-2-2-2-2-2-2-2-2-2-2-2-2-2-2-2-2-2-3-2-2-2-2-2-3-3-2-2-2-2-2-2-2-2-2-2-2-2-2-2-2-2-2-2-2-2-2-2-2-2-2-2-2-2-3-3-2-2-2-7-9","status":"publish","type":"post","link":"http:\/\/www.drustvo-distrofikov.si\/?p=20372","title":{"rendered":"SO\u010cA OUTDOOR, Parafestival 2023"},"content":{"rendered":"<p style=\"text-align: center;\"><strong>VABIMO VAS NA POHOD<\/strong><\/p>\n<p style=\"text-align: center;\"><strong><u>V NEDELJO, 2. JULIJA 2023<\/u><\/strong><\/p>\n<p style=\"text-align: center;\"><strong>v\u00a0sklopu SO\u010cA OUTDOOR, <u>Parafestival 2023 \u2013 Vklju\u010dujem\/\u0160portni dan za vse<\/u><\/strong><\/p>\n<p style=\"text-align: center;\"><strong>Ob So\u010di: Most na So\u010di \u2013 soto\u010dje Tolminke in So\u010de<\/strong><\/p>\n<p>&nbsp;<\/p>\n<p><strong><em><u>Zborno mesto je parkiri\u0161\u010de Modrej, Most na So\u010di ob 9. uri, \u00a0start pohoda je ob 9.30 uri!<\/u><\/em><\/strong><\/p>\n<p><strong><u>Opis poti pohoda:<\/u><\/strong> pohod z\u00a0<strong>invalidskimi vozi\u010dki in parakolesi med Mostom na So\u010di in Soto\u010djem po levem bregu So\u010de, in sicer po novo zgrajeni kolesarski stezi<\/strong>. Pohod je primeren za uporabnike invalidskih vozi\u010dkov in manj pripravljene pohodnike. Pot je dolga pribli\u017eno 4 km in se skoraj ves \u010das vije ob So\u010di.<\/p>\n<p><strong><u>Prijave<\/u><\/strong> se zbirajo do <strong><u>PONEDELJKA, 26. junija<\/u> <\/strong>preko spletne <strong><u><a href=\"https:\/\/docs.google.com\/forms\/d\/e\/1FAIpQLSetAaUWrxyKAdA5GWx2lfS5yI1Gx6GpXlywQiHRIxUrurzgpg\/viewform\">e-prijave<\/a><\/u> <\/strong>(pritisni nanjo!) ali pisne prijave s <a href=\"http:\/\/www.drustvo-distrofikov.si\/wp-content\/uploads\/2023\/06\/prijavnicaSoca.doc\">prijavnico<\/a>.<\/p>\n<h4>Prevoz:<\/h4>\n<p>Prosimo, da na prijavnici <u>jasno ozna\u010dite<\/u> vrsto prevoza: lasten, organiziran s kombiji ali kori\u0161\u010denje avtobusnega prevoza. Avtobusni prevoz je samo za \u00bbhode\u010de\u00ab: odhod iz Dom\u017eal ob 6.10, iz pred Koloseja ob 6.30.<\/p>\n<p>Spremljevalni kombi zapelje pohodnike, ki pridejo z lastnim prevozom, k zbornemu mestu.<\/p>\n<p>Organizator prosi, da javite svoj namen \u010dim prej, da lahko organiziramo spremljevalce, prevoz &#8230;<\/p>\n<p>\u0160tevilo prostih mest je omejeno, zato morate po\u010dakati na potrditev organizatorja, da bo va\u0161a prijava za \u00a0pohod sprejeta. S prejetjem potrditve, boste zagotovo vedeli, da je va\u0161a prijava uspe\u0161no oddana in da se boste \u00a0lahko udele\u017eili pohoda. Pohodniki, ki rabijo prevoz s kombijem, boste o \u010dasu odhoda obve\u0161\u010deni dva 2 dni prej. Odjavo obvezno sporo\u010diti vsaj tri 3 dni pred pohodom.<\/p>\n<p>Pohod bo izveden samo v lepem vremenu \u2013 morebitno odjavo javimo najkasneje en 1 dan prej.<\/p>\n<p>&nbsp;<\/p>\n<p><strong><u>Akcije Odlo\u010den korak, AMA in IOS<\/u><\/strong><\/p>\n<p>Pohod med\u00a0<strong>Mostom na So\u010di in Soto\u010djem po desnem bregu So\u010de pod Bu\u010denico, po planinskih poteh<\/strong>. Pohod je primeren za pohodnike, ki zmorejo do dve uri in pol hoje po planinski poti. Kontakt: <a href=\"mailto:inplaninec@pzs.si\">inplaninec@pzs.si<\/a><\/p>\n<p>&nbsp;<\/p>\n<p><a href=\"https:\/\/soca-outdoor.com\/program-za-parafestival\/\">PROGRAM ZA PARAFESTIVAL &#8211; VKLJU\u010cUJEM &#8211; Odkrijte \u010dudovito dolino So\u010de! (soca-outdoor.com)<\/a><\/p>\n<p>Poleg pohoda so na voljo \u0161e druge aktivnosti (rafting, veslanje, vo\u017enja s supom \u2013 z invalidskim vozi\u010dkom ali brez, paraplezanje in lokostrelstvo). Izpolnite njihovo prijavnico <strong><u><a href=\"https:\/\/docs.google.com\/forms\/d\/e\/1FAIpQLSfecGF_O1gJcl56M-dzNWA_S3KGF3VBBV4BNJxdvKWf-Xg9Jw\/viewform\">Parafest 2023<\/a><\/u><\/strong><\/p>\n<p>&nbsp;<\/p>\n<p><strong>V kolikor imate \u0161e kak\u0161no vpra\u0161anje, pi\u0161ite organizatorju na e-naslov: <\/strong><strong><a href=\"mailto:gogo@pzs.si\">gogo@pzs.si<\/a> <\/strong><strong>ali <\/strong><strong>na gsm: <\/strong><strong>031 536 573 \u2013 Stojan<\/strong><strong>.<\/strong><\/p>\n<p><strong>\u00a0\u00a0\u00a0\u00a0\u00a0\u00a0\u00a0\u00a0\u00a0\u00a0\u00a0\u00a0\u00a0\u00a0\u00a0\u00a0\u00a0\u00a0\u00a0\u00a0\u00a0\u00a0\u00a0\u00a0\u00a0\u00a0\u00a0\u00a0\u00a0\u00a0\u00a0\u00a0\u00a0 \u00a0\u00a0\u00a0\u00a0\u00a0\u00a0\u00a0\u00a0\u00a0\u00a0\u00a0\u00a0\u00a0\u00a0\u00a0\u00a0\u00a0\u00a0\u00a0\u00a0\u00a0\u00a0\u00a0\u00a0\u00a0\u00a0\u00a0\u00a0\u00a0\u00a0\u00a0\u00a0\u00a0<\/strong><\/p>\n","protected":false},"excerpt":{"rendered":"<p>VABIMO VAS NA POHOD V NEDELJO, 2. JULIJA 2023 v\u00a0sklopu SO\u010cA OUTDOOR, Parafestival 2023 \u2013 Vklju\u010dujem\/\u0160portni dan za vse Ob So\u010di: Most na So\u010di \u2013 soto\u010dje Tolminke in So\u010de &nbsp; Zborno mesto je parkiri\u0161\u010de Modrej, Most na So\u010di ob 9. uri, \u00a0start pohoda je ob&#8230;<\/p>\n","protected":false},"author":3,"featured_media":20373,"comment_status":"closed","ping_status":"open","sticky":false,"template":"","format":"standard","meta":{"_exactmetrics_skip_tracking":false,"_exactmetrics_sitenote_active":false,"_exactmetrics_sitenote_note":"","_exactmetrics_sitenote_category":0,"footnotes":""},"categories":[187],"tags":[],"class_list":["post-20372","post","type-post","status-publish","format-standard","has-post-thumbnail","hentry","category-novice"],"publishpress_future_action":{"enabled":false,"date":"2026-05-06 18:10:58","action":"change-status","newStatus":"draft","terms":[],"taxonomy":"category","extraData":[]},"publishpress_future_workflow_manual_trigger":{"enabledWorkflows":[]},"_links":{"self":[{"href":"http:\/\/www.drustvo-distrofikov.si\/index.php?rest_route=\/wp\/v2\/posts\/20372","targetHints":{"allow":["GET"]}}],"collection":[{"href":"http:\/\/www.drustvo-distrofikov.si\/index.php?rest_route=\/wp\/v2\/posts"}],"about":[{"href":"http:\/\/www.drustvo-distrofikov.si\/index.php?rest_route=\/wp\/v2\/types\/post"}],"author":[{"embeddable":true,"href":"http:\/\/www.drustvo-distrofikov.si\/index.php?rest_route=\/wp\/v2\/users\/3"}],"replies":[{"embeddable":true,"href":"http:\/\/www.drustvo-distrofikov.si\/index.php?rest_route=%2Fwp%2Fv2%2Fcomments&post=20372"}],"version-history":[{"count":2,"href":"http:\/\/www.drustvo-distrofikov.si\/index.php?rest_route=\/wp\/v2\/posts\/20372\/revisions"}],"predecessor-version":[{"id":20376,"href":"http:\/\/www.drustvo-distrofikov.si\/index.php?rest_route=\/wp\/v2\/posts\/20372\/revisions\/20376"}],"wp:featuredmedia":[{"embeddable":true,"href":"http:\/\/www.drustvo-distrofikov.si\/index.php?rest_route=\/wp\/v2\/media\/20373"}],"wp:attachment":[{"href":"http:\/\/www.drustvo-distrofikov.si\/index.php?rest_route=%2Fwp%2Fv2%2Fmedia&parent=20372"}],"wp:term":[{"taxonomy":"category","embeddable":true,"href":"http:\/\/www.drustvo-distrofikov.si\/index.php?rest_route=%2Fwp%2Fv2%2Fcategories&post=20372"},{"taxonomy":"post_tag","embeddable":true,"href":"http:\/\/www.drustvo-distrofikov.si\/index.php?rest_route=%2Fwp%2Fv2%2Ftags&post=20372"}],"curies":[{"name":"wp","href":"https:\/\/api.w.org\/{rel}","templated":true}]}}