{"id":20386,"date":"2023-07-25T15:21:30","date_gmt":"2023-07-25T13:21:30","guid":{"rendered":"http:\/\/www.drustvo-distrofikov.si\/?p=20386"},"modified":"2023-08-18T11:56:29","modified_gmt":"2023-08-18T09:56:29","slug":"sporocilo-za-javnost-po-usklajevalnem-posvetovanju-invalidskih-organizacij-2-2-2-2-2-2-2-2-2-2-2-2-2-2-2-2-2-2-2-2-3-2-2-2-2-2-3-3-2-2-2-2-2-2-2-2-2-2-2-2-2-2-2-2-2-2-2-2-2-2-2-2-2-2-2-2-3-3-2-2-2-71","status":"publish","type":"post","link":"http:\/\/www.drustvo-distrofikov.si\/?p=20386","title":{"rendered":"JAVNI NATE\u010cAJ ZA PODELITEV LETNIH NAGRAD"},"content":{"rendered":"<p><strong>VABILO NA JAVNI NATE\u010cAJ ZA PODELITEV LETNIH NAGRAD ZA DOBRO PRAKSO NA PODRO\u010cJU\u00a0 ZAPOSLOVANJA INVALIDOV ZA LETO 2022<\/strong><\/p>\n<p>Ministrstvo za delo, dru\u017eino, socialne zadeve in enake mo\u017enosti Republike Slovenije \u017ee od leta 2017 tradicionalno organizira javni nate\u010daj za podelitev letnih nagrad delodajalcem za dobro prakso na podro\u010dju zaposlovanja invalidov!<\/p>\n<p>Vsa slovenska podjetja so vabljena k sodelovanju v leto\u0161njem nate\u010daju, ki je izrednega pomena za ustvarjanje vklju\u010dujo\u010dega okolja, ki sprejema invalidne posameznike v dru\u017ebo ter delujejo kot dru\u017ebeno odgovorni delodajalci. Vklju\u010devanje v delovne procese in na trg dela je za invalide klju\u010dnega pomena iz ve\u010d razlogov &#8211; delo namre\u010d predstavlja pomemben vidik osebne identitete in lastne vrednosti, saj zagotavlja ob\u010dutek smisla in pripadnosti ter finan\u010dno neodvisnost.<\/p>\n<p>Zmagovalec javnega nate\u010daja bo prejemnik listine \u00bbINVALIDOM PRIJAZNO PODJETJE\u00ab, ki je posebna oblika dru\u017ebenega priznanja delodajalcem za dobro prakso na podro\u010dju zaposlovanja invalidov v Republiki Sloveniji. Prejemnik listine dobi tudi pravico do uporabe promocijskega logotipa \u00bbINVALIDOM PRIJAZNO PODJETJE\u00ab.<\/p>\n<p>ROK ZA PRIJAVO: <strong>1. 8. 2023<\/strong> do 15.00.<\/p>\n<p>POVEZAVA DO PRIJAVNICE: <a href=\"https:\/\/www.google.com\/url?q=https:\/\/www.gov.si\/assets\/ministrstva\/MDDSZ\/Invalidi\/Javni-natecaj-nagrade-2019\/JN_2022\/Prijava-na-Javni-natecaj-za-podelitev-nagrad-na-podrocju-zaposlovanja-invalidov-za-leto-2022.docx&amp;sa=D&amp;source=docs&amp;ust=1688649938025400&amp;usg=AOvVaw3Qb8Wpv620JejoMB1ylV55\">Prijava na Javni nate\u010daj<\/a> za podelitev nagrad na podro\u010dju zaposlovanja invalidov za leto 2022<\/p>\n<p>Ve\u010d informacij o nate\u010daju in prijavi najdete na povezavi: <a href=\"http:\/\/www.reha-slo.org\/invalidom-prijazno-podjetje\/javni-natecaj-v-letu-2023-za-leto-2022\/\">http:\/\/www.reha-slo.org\/invalidom-prijazno-podjetje\/javni-natecaj-v-letu-2023-za-leto-2022\/<\/a><\/p>\n<p>&nbsp;<\/p>\n<p>&nbsp;<\/p>\n","protected":false},"excerpt":{"rendered":"<p>VABILO NA JAVNI NATE\u010cAJ ZA PODELITEV LETNIH NAGRAD ZA DOBRO PRAKSO NA PODRO\u010cJU\u00a0 ZAPOSLOVANJA INVALIDOV ZA LETO 2022 Ministrstvo za delo, dru\u017eino, socialne zadeve in enake mo\u017enosti Republike Slovenije \u017ee od leta 2017 tradicionalno organizira javni nate\u010daj za podelitev letnih nagrad delodajalcem za dobro prakso&#8230;<\/p>\n","protected":false},"author":3,"featured_media":20387,"comment_status":"closed","ping_status":"open","sticky":false,"template":"","format":"standard","meta":{"_exactmetrics_skip_tracking":false,"_exactmetrics_sitenote_active":false,"_exactmetrics_sitenote_note":"","_exactmetrics_sitenote_category":0,"footnotes":""},"categories":[187],"tags":[],"class_list":["post-20386","post","type-post","status-publish","format-standard","has-post-thumbnail","hentry","category-novice"],"publishpress_future_action":{"enabled":false,"date":"2026-05-06 18:12:31","action":"change-status","newStatus":"draft","terms":[],"taxonomy":"category","extraData":[]},"publishpress_future_workflow_manual_trigger":{"enabledWorkflows":[]},"_links":{"self":[{"href":"http:\/\/www.drustvo-distrofikov.si\/index.php?rest_route=\/wp\/v2\/posts\/20386","targetHints":{"allow":["GET"]}}],"collection":[{"href":"http:\/\/www.drustvo-distrofikov.si\/index.php?rest_route=\/wp\/v2\/posts"}],"about":[{"href":"http:\/\/www.drustvo-distrofikov.si\/index.php?rest_route=\/wp\/v2\/types\/post"}],"author":[{"embeddable":true,"href":"http:\/\/www.drustvo-distrofikov.si\/index.php?rest_route=\/wp\/v2\/users\/3"}],"replies":[{"embeddable":true,"href":"http:\/\/www.drustvo-distrofikov.si\/index.php?rest_route=%2Fwp%2Fv2%2Fcomments&post=20386"}],"version-history":[{"count":3,"href":"http:\/\/www.drustvo-distrofikov.si\/index.php?rest_route=\/wp\/v2\/posts\/20386\/revisions"}],"predecessor-version":[{"id":20401,"href":"http:\/\/www.drustvo-distrofikov.si\/index.php?rest_route=\/wp\/v2\/posts\/20386\/revisions\/20401"}],"wp:featuredmedia":[{"embeddable":true,"href":"http:\/\/www.drustvo-distrofikov.si\/index.php?rest_route=\/wp\/v2\/media\/20387"}],"wp:attachment":[{"href":"http:\/\/www.drustvo-distrofikov.si\/index.php?rest_route=%2Fwp%2Fv2%2Fmedia&parent=20386"}],"wp:term":[{"taxonomy":"category","embeddable":true,"href":"http:\/\/www.drustvo-distrofikov.si\/index.php?rest_route=%2Fwp%2Fv2%2Fcategories&post=20386"},{"taxonomy":"post_tag","embeddable":true,"href":"http:\/\/www.drustvo-distrofikov.si\/index.php?rest_route=%2Fwp%2Fv2%2Ftags&post=20386"}],"curies":[{"name":"wp","href":"https:\/\/api.w.org\/{rel}","templated":true}]}}