{"id":20995,"date":"2025-03-03T12:00:56","date_gmt":"2025-03-03T11:00:56","guid":{"rendered":"http:\/\/www.drustvo-distrofikov.si\/?p=20995"},"modified":"2025-03-03T12:00:56","modified_gmt":"2025-03-03T11:00:56","slug":"sporocilo-za-javnost-po-usklajevalnem-posvetovanju-invalidskih-organizacij-2-2-2-2-2-2-2-2-2-2-2-2-2-2-2-2-2-2-2-2-3-2-2-2-2-2-3-3-2-2-2-2-2-2-2-2-2-2-2-2-2-2-2-2-2-2-2-2-2-2-2-2-2-2-2-2-3-3-2-2-2-108","status":"publish","type":"post","link":"http:\/\/www.drustvo-distrofikov.si\/?p=20995","title":{"rendered":""},"content":{"rendered":"<p style=\"text-align: center;\"><strong>Vljudno vas vabimo na delavnico <\/strong><\/p>\n<p style=\"text-align: center;\"><strong>\u00bbU\u010dinkovita komunikacija lastnih potreb, \u017eelja zahtev in nestrinjanja\u00ab<\/strong><strong>\u00a0<\/strong><\/p>\n<p>Potekala bo v dveh delih \u2013 v \u010detrtek 6. in 13. marca 2025 od 16. do 19.15 ure v pritli\u010dnih prostorih Dru\u0161tva distrofikov Slovenije.<\/p>\n<p style=\"text-align: center;\">\u00a0*\u00a0 \u00a0*\u00a0 \u00a0*\u00a0 \u00a0*\u00a0 \u00a0*\u00a0 \u00a0*<\/p>\n<p>Ste se \u017ee kdaj zna\u0161li v situaciji, ko niste vedeli, kako povedati, kaj vam ustreza in kaj ne?<\/p>\n<p>Na tej delavnici bomo skupaj raziskali, kako se jasno in samozavestno izraziti ter izbolj\u0161ati odnos z va\u0161imi partnerji, svojci, asistenti in prijatelji.<\/p>\n<p><strong>\u00a0<\/strong><strong>Kaj bomo po\u010deli?<\/strong><\/p>\n<ul>\n<li>Spoznali bomo, zakaj je komunikacija klju\u010d do bolj\u0161ega sodelovanja.<\/li>\n<li>Nau\u010dili se bomo, kako odkrito povedati svoje \u017eelje in postaviti meje na spo\u0161tljiv na\u010din.<\/li>\n<li>Preizkusili prakti\u010dne tehnike za la\u017eje izra\u017eanje potreb in \u017eelja.<\/li>\n<li>Spoznali tehniko odkrite komunikacije.<\/li>\n<li>Spro\u0161\u010deno vadili komunikacijo skozi interaktivne vaje.<\/li>\n<\/ul>\n<p>&nbsp;<\/p>\n<p>Delavnico bo \u00a0izvedel Tilen Abraham, trener in coach, z dolgoletnimi izku\u0161njami s podro\u010dja komuniciranja.<\/p>\n<p>\u010ce so vas zgornje vrstice pritegnile vas prosimo, da svojo udele\u017ebo sporo\u010dite na elektronski naslov <a href=\"mailto:tea.cernigoj@drustvo-distrofikov.si\">tea.cernigoj@drustvo-distrofikov.si<\/a>,<\/p>\n<p>Udele\u017eba je brezpla\u010dna. Veselimo se sre\u010danja z vami in vas lepo pozdravljamo.<\/p>\n<p>&nbsp;<\/p>\n","protected":false},"excerpt":{"rendered":"<p>Vljudno vas vabimo na delavnico \u00bbU\u010dinkovita komunikacija lastnih potreb, \u017eelja zahtev in nestrinjanja\u00ab\u00a0 Potekala bo v dveh delih \u2013 v \u010detrtek 6. in 13. marca 2025 od 16. do 19.15 ure v pritli\u010dnih prostorih Dru\u0161tva distrofikov Slovenije. \u00a0*\u00a0 \u00a0*\u00a0 \u00a0*\u00a0 \u00a0*\u00a0 \u00a0*\u00a0 \u00a0* Ste se&#8230;<\/p>\n","protected":false},"author":3,"featured_media":20996,"comment_status":"closed","ping_status":"open","sticky":false,"template":"","format":"standard","meta":{"_exactmetrics_skip_tracking":false,"_exactmetrics_sitenote_active":false,"_exactmetrics_sitenote_note":"","_exactmetrics_sitenote_category":0,"footnotes":""},"categories":[187],"tags":[],"class_list":["post-20995","post","type-post","status-publish","format-standard","has-post-thumbnail","hentry","category-novice"],"publishpress_future_action":{"enabled":false,"date":"2026-05-06 18:04:48","action":"change-status","newStatus":"draft","terms":[],"taxonomy":"category","extraData":[]},"publishpress_future_workflow_manual_trigger":{"enabledWorkflows":[]},"_links":{"self":[{"href":"http:\/\/www.drustvo-distrofikov.si\/index.php?rest_route=\/wp\/v2\/posts\/20995","targetHints":{"allow":["GET"]}}],"collection":[{"href":"http:\/\/www.drustvo-distrofikov.si\/index.php?rest_route=\/wp\/v2\/posts"}],"about":[{"href":"http:\/\/www.drustvo-distrofikov.si\/index.php?rest_route=\/wp\/v2\/types\/post"}],"author":[{"embeddable":true,"href":"http:\/\/www.drustvo-distrofikov.si\/index.php?rest_route=\/wp\/v2\/users\/3"}],"replies":[{"embeddable":true,"href":"http:\/\/www.drustvo-distrofikov.si\/index.php?rest_route=%2Fwp%2Fv2%2Fcomments&post=20995"}],"version-history":[{"count":1,"href":"http:\/\/www.drustvo-distrofikov.si\/index.php?rest_route=\/wp\/v2\/posts\/20995\/revisions"}],"predecessor-version":[{"id":20997,"href":"http:\/\/www.drustvo-distrofikov.si\/index.php?rest_route=\/wp\/v2\/posts\/20995\/revisions\/20997"}],"wp:featuredmedia":[{"embeddable":true,"href":"http:\/\/www.drustvo-distrofikov.si\/index.php?rest_route=\/wp\/v2\/media\/20996"}],"wp:attachment":[{"href":"http:\/\/www.drustvo-distrofikov.si\/index.php?rest_route=%2Fwp%2Fv2%2Fmedia&parent=20995"}],"wp:term":[{"taxonomy":"category","embeddable":true,"href":"http:\/\/www.drustvo-distrofikov.si\/index.php?rest_route=%2Fwp%2Fv2%2Fcategories&post=20995"},{"taxonomy":"post_tag","embeddable":true,"href":"http:\/\/www.drustvo-distrofikov.si\/index.php?rest_route=%2Fwp%2Fv2%2Ftags&post=20995"}],"curies":[{"name":"wp","href":"https:\/\/api.w.org\/{rel}","templated":true}]}}