{"id":21042,"date":"2025-04-10T14:28:30","date_gmt":"2025-04-10T12:28:30","guid":{"rendered":"http:\/\/www.drustvo-distrofikov.si\/?p=21042"},"modified":"2025-04-10T14:28:30","modified_gmt":"2025-04-10T12:28:30","slug":"sporocilo-za-javnost-po-usklajevalnem-posvetovanju-invalidskih-organizacij-2-2-2-2-2-2-2-2-2-2-2-2-2-2-2-2-2-2-2-2-3-2-2-2-2-2-3-3-2-2-2-2-2-2-2-2-2-2-2-2-2-2-2-2-2-2-2-2-2-2-2-2-2-2-2-2-3-3-2-2-2-113","status":"publish","type":"post","link":"http:\/\/www.drustvo-distrofikov.si\/?p=21042","title":{"rendered":"Dobili smo nova dr\u017eavna prvaka v \u0161ahu med distrofiki za leto 2025"},"content":{"rendered":"<p>Dobili smo nova dr\u017eavna prvaka med \u0161ahisti Med 4. in 6. aprilom 2025 je v Domu dva topola v Izoli pod okriljem Zveze za \u0161port invalidov Slovenije \u2013 Slovenskega paralimpijskega komiteja (Zveza \u0160IS-SPK) potekalo Posami\u010dno dr\u017eavno prvenstvo distrofikov v \u0161ahu. Prijeten obmorski ambient je bil kot nala\u0161\u010d za tri dni \u0161ahovskega dru\u017eenja, tekmovalnega duha in dobrega vzdu\u0161ja.<\/p>\n<p>Na otvoritvi sta udele\u017eence pozdravila \u017diga Koba\u0161evi\u010d v imenu Zveze \u0160IS-SPK ter mag. Mateja Toman, predsednica Dru\u0161tva distrofikov Slovenije, ki je bilo tudi organizator tekmovanja.<\/p>\n<p>Tekmovanje je potekalo v lo\u010deni mo\u0161ki in \u017eenski konkurenci po \u0161vicarskem sistemu \u2013 osem kol, 30 minut na igralca, z dodatkom treh minut za tiste, ki potrebujejo pomo\u010d pri premikanju figur. Letos se je prvenstva udele\u017eilo 13 \u0161ahistk in 25 \u0161ahistov.<\/p>\n<p>Pri dekletih je slavila Mojca Su\u0161ec z vsemi osvojenimi to\u010dkami (8!), sledili sta Tatjana Strm\u010dnik (7 to\u010dk) in Valentina Mavri\u010d (6 to\u010dk), ki je tako ponovila lansko tretje mesto. Pri fantih je bilo \u0161e bolj napeto \u2013 tako Mateo \u0160eparevi\u010d kot Bla\u017e Urban\u010d sta zbrala 6,5 to\u010dke, a je o zmagi odlo\u010dal srednji Buchholzov koeficient, ki je Matea postavil na prvo mesto. Tretji je bil Gregor \u017dargaj s 6 to\u010dkami.<br \/>\nZa pravi\u010dnost in red na \u0161ahovnicah je poskrbel sodnik Marjan Butala. Po koncu partij smo imeli slovesno razglasitev, kjer so najbolj\u0161i prejeli pokale in prakti\u010dne nagrade.<\/p>\n<p>Vzdu\u0161je je bilo ves \u010das odli\u010dno \u2013 \u0161ah, smeh, dobra dru\u017eba, sonce, okusna hrana in glasbeni sobotni ve\u010der so ustvarili pravo malo \u0161ahovsko do\u017eivetje. \u0160e posebej nas veseli, da se je prvenstva letos prvi\u010d udele\u017eilo kar pet novih igralcev, med njimi ena \u0161ahistka. Posebne pozornosti je bil dele\u017een najmlaj\u0161i udele\u017eenec \u2013 komaj devetletni Alja\u017e, ki je navdu\u0161il s svojo zagnanostjo in pogumom.<br \/>\nLepo nam je bilo \u2013 in \u017ee komaj \u010dakamo naslednje leto!<\/p>\n<p>Fotografije iz tekmovanja si lahko ogledate v <a href=\"http:\/\/www.drustvo-distrofikov.si\/?page_id=16325\">Galeriji slik<\/a>.<\/p>\n<p>&nbsp;<\/p>\n","protected":false},"excerpt":{"rendered":"<p>Dobili smo nova dr\u017eavna prvaka med \u0161ahisti Med 4. in 6. aprilom 2025 je v Domu dva topola v Izoli pod okriljem Zveze za \u0161port invalidov Slovenije \u2013 Slovenskega paralimpijskega komiteja (Zveza \u0160IS-SPK) potekalo Posami\u010dno dr\u017eavno prvenstvo distrofikov v \u0161ahu. Prijeten obmorski ambient je bil&#8230;<\/p>\n","protected":false},"author":3,"featured_media":21043,"comment_status":"closed","ping_status":"open","sticky":false,"template":"","format":"standard","meta":{"_exactmetrics_skip_tracking":false,"_exactmetrics_sitenote_active":false,"_exactmetrics_sitenote_note":"","_exactmetrics_sitenote_category":0,"footnotes":""},"categories":[187],"tags":[],"class_list":["post-21042","post","type-post","status-publish","format-standard","has-post-thumbnail","hentry","category-novice"],"publishpress_future_action":{"enabled":false,"date":"2026-05-06 18:03:25","action":"change-status","newStatus":"draft","terms":[],"taxonomy":"category","extraData":[]},"publishpress_future_workflow_manual_trigger":{"enabledWorkflows":[]},"_links":{"self":[{"href":"http:\/\/www.drustvo-distrofikov.si\/index.php?rest_route=\/wp\/v2\/posts\/21042","targetHints":{"allow":["GET"]}}],"collection":[{"href":"http:\/\/www.drustvo-distrofikov.si\/index.php?rest_route=\/wp\/v2\/posts"}],"about":[{"href":"http:\/\/www.drustvo-distrofikov.si\/index.php?rest_route=\/wp\/v2\/types\/post"}],"author":[{"embeddable":true,"href":"http:\/\/www.drustvo-distrofikov.si\/index.php?rest_route=\/wp\/v2\/users\/3"}],"replies":[{"embeddable":true,"href":"http:\/\/www.drustvo-distrofikov.si\/index.php?rest_route=%2Fwp%2Fv2%2Fcomments&post=21042"}],"version-history":[{"count":2,"href":"http:\/\/www.drustvo-distrofikov.si\/index.php?rest_route=\/wp\/v2\/posts\/21042\/revisions"}],"predecessor-version":[{"id":21045,"href":"http:\/\/www.drustvo-distrofikov.si\/index.php?rest_route=\/wp\/v2\/posts\/21042\/revisions\/21045"}],"wp:featuredmedia":[{"embeddable":true,"href":"http:\/\/www.drustvo-distrofikov.si\/index.php?rest_route=\/wp\/v2\/media\/21043"}],"wp:attachment":[{"href":"http:\/\/www.drustvo-distrofikov.si\/index.php?rest_route=%2Fwp%2Fv2%2Fmedia&parent=21042"}],"wp:term":[{"taxonomy":"category","embeddable":true,"href":"http:\/\/www.drustvo-distrofikov.si\/index.php?rest_route=%2Fwp%2Fv2%2Fcategories&post=21042"},{"taxonomy":"post_tag","embeddable":true,"href":"http:\/\/www.drustvo-distrofikov.si\/index.php?rest_route=%2Fwp%2Fv2%2Ftags&post=21042"}],"curies":[{"name":"wp","href":"https:\/\/api.w.org\/{rel}","templated":true}]}}