{"id":21332,"date":"2026-01-23T09:23:46","date_gmt":"2026-01-23T08:23:46","guid":{"rendered":"http:\/\/www.drustvo-distrofikov.si\/?p=21332"},"modified":"2026-01-23T09:23:46","modified_gmt":"2026-01-23T08:23:46","slug":"sporocilo-za-javnost-po-usklajevalnem-posvetovanju-invalidskih-organizacij-2-2-2-2-2-2-2-2-2-2-2-2-2-2-2-2-2-2-2-2-3-2-2-2-2-2-3-3-2-2-2-2-2-2-2-2-2-2-2-2-2-2-2-2-2-2-2-2-2-2-2-2-2-2-2-2-3-3-2-2-2-147","status":"publish","type":"post","link":"http:\/\/www.drustvo-distrofikov.si\/?p=21332","title":{"rendered":"Projekt\u00a0 \u00bbTudi jaz bi \u0161el noter\u00ab"},"content":{"rendered":"<p><strong>Za\u017eivel je projekt\u00a0 \u00bbTudi jaz bi \u0161el noter\u00ab \u2013 skupaj za prostorsko dostopnost\u00a0<\/strong><\/p>\n<p><strong>Za kaj gre?<\/strong><\/p>\n<p>Za\u017eivel je projekt \u00bbTudi jaz bi \u0161el noter<strong>\u00ab<\/strong>, ki naslavlja izbolj\u0161anje dostopnosti stavb v javni rabi po vsej Sloveniji in je lahko pomemben tudi za na\u0161e \u010dlane.\u00a0 Njegov namen je zagotavljati, da lahko gibalno ovirane osebe, starej\u0161i, star\u0161i z vozi\u010dki in drugi brez ovir vstopajo v prostore, kjer se odvija vsakdanje \u017eivljenje, od trgovin in lekarn do kulturnih ustanov, zdravstvenih domov in uradov.<\/p>\n<p>Dostopnost stavb ni le priporo\u010dilo, temve\u010d zakonska obveznost, dolo\u010dena z Zakonom o izena\u010devanju mo\u017enosti invalidov (ZIMI). Rok za prilagoditev vseh obstoje\u010dih stavb v javni rabi se je iztekel <strong>decembra 2025<\/strong>, zato projekt spodbuja lastnike, da ukrepajo, \u010de \u0161e niso<\/p>\n<p><strong>Kaj prina\u0161a projekt?<\/strong><\/p>\n<p>Projekt deluje na dveh ravneh: pomaga gibalno oviranim osebam pri prepoznavanju nedostopnih stavb, jim svetuje glede postopkov, po potrebi stopi v stik z lastnikom in nudi pravno podporo pri huj\u0161ih kr\u0161itvah. Hkrati nudi lastnikom stavb arhitekturno svetovanje o prilagoditvah.<\/p>\n<p><strong>Kako lahko sodelujete?<\/strong><\/p>\n<p>\u010ce naletite na javno stavbo, v katero ne morete vstopiti ali se v njej ne morete samostojno gibati, to sporo\u010dite. Vsaka informacija pomaga pri ustvarjanju bolj dostopnega okolja. \u00a0Primer bomo pogledali in se po potrebi obrnili na lastnika ali podali prijavo na in\u0161pekcijske slu\u017ebe. Projekt izvaja Zveza paraplegikov Slovenije.<\/p>\n<p>Ve\u010d informacij najdete:<\/p>\n<ul>\n<li>na spletni strani: <a href=\"https:\/\/dostopno.eu\/\">dostopno.eu<\/a><\/li>\n<li>pomo\u010d in podaja prijave nedostopne stavbe: <a href=\"https:\/\/dostopno.eu\/sem-gibalno-ovirana-oseba-informacije-in-orodja-za-gibalno-ovirane\/posljite-povprasevanje-za-svetovanje-ali-posredovanje-obrazec-za-prijavo-krsitev\/\">obrazec za sporo\u010danje<\/a><\/li>\n<li>po\u0161ta: <a href=\"mailto:info@dostopno.eu\">info@dostopno.eu<\/a> ali telefonu 01\/43 27 138<\/li>\n<\/ul>\n","protected":false},"excerpt":{"rendered":"<p>Za\u017eivel je projekt\u00a0 \u00bbTudi jaz bi \u0161el noter\u00ab \u2013 skupaj za prostorsko dostopnost\u00a0 Za kaj gre? Za\u017eivel je projekt \u00bbTudi jaz bi \u0161el noter\u00ab, ki naslavlja izbolj\u0161anje dostopnosti stavb v javni rabi po vsej Sloveniji in je lahko pomemben tudi za na\u0161e \u010dlane.\u00a0 Njegov namen&#8230;<\/p>\n","protected":false},"author":3,"featured_media":21333,"comment_status":"closed","ping_status":"open","sticky":false,"template":"","format":"standard","meta":{"_exactmetrics_skip_tracking":false,"_exactmetrics_sitenote_active":false,"_exactmetrics_sitenote_note":"","_exactmetrics_sitenote_category":0,"footnotes":""},"categories":[187],"tags":[],"class_list":["post-21332","post","type-post","status-publish","format-standard","has-post-thumbnail","hentry","category-novice"],"publishpress_future_action":{"enabled":false,"date":"2026-05-06 17:21:33","action":"change-status","newStatus":"draft","terms":[],"taxonomy":"category","extraData":[]},"publishpress_future_workflow_manual_trigger":{"enabledWorkflows":[]},"_links":{"self":[{"href":"http:\/\/www.drustvo-distrofikov.si\/index.php?rest_route=\/wp\/v2\/posts\/21332","targetHints":{"allow":["GET"]}}],"collection":[{"href":"http:\/\/www.drustvo-distrofikov.si\/index.php?rest_route=\/wp\/v2\/posts"}],"about":[{"href":"http:\/\/www.drustvo-distrofikov.si\/index.php?rest_route=\/wp\/v2\/types\/post"}],"author":[{"embeddable":true,"href":"http:\/\/www.drustvo-distrofikov.si\/index.php?rest_route=\/wp\/v2\/users\/3"}],"replies":[{"embeddable":true,"href":"http:\/\/www.drustvo-distrofikov.si\/index.php?rest_route=%2Fwp%2Fv2%2Fcomments&post=21332"}],"version-history":[{"count":2,"href":"http:\/\/www.drustvo-distrofikov.si\/index.php?rest_route=\/wp\/v2\/posts\/21332\/revisions"}],"predecessor-version":[{"id":21335,"href":"http:\/\/www.drustvo-distrofikov.si\/index.php?rest_route=\/wp\/v2\/posts\/21332\/revisions\/21335"}],"wp:featuredmedia":[{"embeddable":true,"href":"http:\/\/www.drustvo-distrofikov.si\/index.php?rest_route=\/wp\/v2\/media\/21333"}],"wp:attachment":[{"href":"http:\/\/www.drustvo-distrofikov.si\/index.php?rest_route=%2Fwp%2Fv2%2Fmedia&parent=21332"}],"wp:term":[{"taxonomy":"category","embeddable":true,"href":"http:\/\/www.drustvo-distrofikov.si\/index.php?rest_route=%2Fwp%2Fv2%2Fcategories&post=21332"},{"taxonomy":"post_tag","embeddable":true,"href":"http:\/\/www.drustvo-distrofikov.si\/index.php?rest_route=%2Fwp%2Fv2%2Ftags&post=21332"}],"curies":[{"name":"wp","href":"https:\/\/api.w.org\/{rel}","templated":true}]}}